{"id":19253,"date":"2022-06-07T18:20:33","date_gmt":"2022-06-07T18:20:33","guid":{"rendered":"https:\/\/www.atlanticoprorealestate.com\/?p=19253"},"modified":"2023-01-13T11:06:51","modified_gmt":"2023-01-13T11:06:51","slug":"dicas-para-fotografar-o-seu-imovel","status":"publish","type":"post","link":"https:\/\/www.atlanticoprorealestate.com\/pt-pt\/imobiliaria\/dicas-para-fotografar-o-seu-imovel\/","title":{"rendered":"Dicas para fotografar o seu im\u00f3vel"},"content":{"rendered":"\n<p>Preparamos o cen\u00e1rio para a casa tornar-se apelativa e assim ajudar a vendar a sua casa.<\/p>\n\n\n\n<p><\/p>\n\n\n\n<p><strong>Nos quartos<\/strong>, o ideal \u00e9 tornar o ambiente leve com cores suaves e sempre como um elemento decorativo a acrescentar valor. Abrir a janelas de forma que se veja um espa\u00e7o amplo e agrad\u00e1vel. A cama dever\u00e1 estar em destaque bem como as cortinas assimetrias e os tapetes dever\u00e3o estar centrados em harmonia com o resto dos elementos.<\/p>\n\n\n\n<figure class=\"wp-block-image size-full is-resized\"><img fetchpriority=\"high\" decoding=\"async\" src=\"https:\/\/www.atlanticoprorealestate.com\/wp-content\/uploads\/2022\/06\/quartos.png\" alt=\"\" class=\"wp-image-19258\" width=\"600\" height=\"752\" srcset=\"https:\/\/www.atlanticoprorealestate.com\/wp-content\/uploads\/2022\/06\/quartos.png 800w, https:\/\/www.atlanticoprorealestate.com\/wp-content\/uploads\/2022\/06\/quartos-240x300.png 240w, https:\/\/www.atlanticoprorealestate.com\/wp-content\/uploads\/2022\/06\/quartos-768x962.png 768w, https:\/\/www.atlanticoprorealestate.com\/wp-content\/uploads\/2022\/06\/quartos-479x600.png 479w, https:\/\/www.atlanticoprorealestate.com\/wp-content\/uploads\/2022\/06\/quartos-496x621.png 496w\" sizes=\"(max-width: 600px) 100vw, 600px\" \/><\/figure>\n\n\n\n<p><strong>Nas salas <\/strong>\u00e9 fundamental a despersonaliza\u00e7\u00e3o. N\u00e3o poder\u00e1 ter itens pessoais para a sess\u00e3o fotogr\u00e1fica. Os elementos que ajudam \u00e0 decora\u00e7\u00e3o da sala: plantas ao lado da janela, almofadas bem colocadas no sof\u00e1, alguns livros ou um detalhe na mesinha late- ral (se tiver), s\u00e3o pontos atrativos na sala para quem quiser passar momentos agrad\u00e1- veis na mesma.<\/p>\n\n\n\n<figure class=\"wp-block-image size-large is-resized\"><img decoding=\"async\" src=\"https:\/\/www.atlanticoprorealestate.com\/wp-content\/uploads\/2022\/06\/sala-768x1024.png\" alt=\"\" class=\"wp-image-19267\" width=\"576\" height=\"768\" srcset=\"https:\/\/www.atlanticoprorealestate.com\/wp-content\/uploads\/2022\/06\/sala-768x1025.png 768w, https:\/\/www.atlanticoprorealestate.com\/wp-content\/uploads\/2022\/06\/sala-225x300.png 225w, https:\/\/www.atlanticoprorealestate.com\/wp-content\/uploads\/2022\/06\/sala-450x600.png 450w, https:\/\/www.atlanticoprorealestate.com\/wp-content\/uploads\/2022\/06\/sala-496x662.png 496w, https:\/\/www.atlanticoprorealestate.com\/wp-content\/uploads\/2022\/06\/sala.png 916w\" sizes=\"(max-width: 576px) 100vw, 576px\" \/><\/figure>\n\n\n\n<p><strong>Na cozinha e nas casas de banho <\/strong>\u00e9 muito importante retirar todos os elementos de limpeza e de higiene pessoal. \u00c9 essencial que todos os itens acess\u00f3rios nessa divis\u00e3o deveram estar em harmonia e todos objetos pessoais sejam retirados. Acrescentar um elemento decorativo \u00e9 essencial.<\/p>\n\n\n\n<figure class=\"wp-block-image size-large is-resized is-style-default\"><img decoding=\"async\" src=\"https:\/\/www.atlanticoprorealestate.com\/wp-content\/uploads\/2022\/06\/wc-1-781x1024.png\" alt=\"\" class=\"wp-image-19275\" width=\"586\" height=\"768\" srcset=\"https:\/\/www.atlanticoprorealestate.com\/wp-content\/uploads\/2022\/06\/wc-1-781x1024.png 781w, https:\/\/www.atlanticoprorealestate.com\/wp-content\/uploads\/2022\/06\/wc-1-229x300.png 229w, https:\/\/www.atlanticoprorealestate.com\/wp-content\/uploads\/2022\/06\/wc-1-768x1007.png 768w, https:\/\/www.atlanticoprorealestate.com\/wp-content\/uploads\/2022\/06\/wc-1-458x600.png 458w, https:\/\/www.atlanticoprorealestate.com\/wp-content\/uploads\/2022\/06\/wc-1-496x650.png 496w, https:\/\/www.atlanticoprorealestate.com\/wp-content\/uploads\/2022\/06\/wc-1.png 824w\" sizes=\"(max-width: 586px) 100vw, 586px\" \/><\/figure>\n\n\n\n<figure class=\"wp-block-image size-large is-resized\"><img loading=\"lazy\" decoding=\"async\" src=\"https:\/\/www.atlanticoprorealestate.com\/wp-content\/uploads\/2022\/06\/cozinha-1-1024x712.png\" alt=\"\" class=\"wp-image-19277\" width=\"768\" height=\"534\" srcset=\"https:\/\/www.atlanticoprorealestate.com\/wp-content\/uploads\/2022\/06\/cozinha-1-1024x712.png 1024w, https:\/\/www.atlanticoprorealestate.com\/wp-content\/uploads\/2022\/06\/cozinha-1-300x209.png 300w, https:\/\/www.atlanticoprorealestate.com\/wp-content\/uploads\/2022\/06\/cozinha-1-768x534.png 768w, https:\/\/www.atlanticoprorealestate.com\/wp-content\/uploads\/2022\/06\/cozinha-1-863x600.png 863w, https:\/\/www.atlanticoprorealestate.com\/wp-content\/uploads\/2022\/06\/cozinha-1-496x345.png 496w, https:\/\/www.atlanticoprorealestate.com\/wp-content\/uploads\/2022\/06\/cozinha-1.png 1202w\" sizes=\"(max-width: 768px) 100vw, 768px\" \/><\/figure>\n\n\n\n<p><strong>No jardim ou terra\u00e7o<\/strong>, \u00e9 importante real\u00e7ar o verde. Colocar elemento decorativo, tor- nar o ambiente agrad\u00e1vel e aconchegante. Os materiais s\u00e3o importantes e os tecidos e almofadas ajudar\u00e3o a que o espa\u00e7o seja mais agrad\u00e1vel.<\/p>\n\n\n\n<figure class=\"wp-block-image size-large is-resized\"><img loading=\"lazy\" decoding=\"async\" src=\"https:\/\/www.atlanticoprorealestate.com\/wp-content\/uploads\/2022\/06\/jardim-1024x683.png\" alt=\"\" class=\"wp-image-19280\" width=\"768\" height=\"512\" srcset=\"https:\/\/www.atlanticoprorealestate.com\/wp-content\/uploads\/2022\/06\/jardim-1024x683.png 1024w, https:\/\/www.atlanticoprorealestate.com\/wp-content\/uploads\/2022\/06\/jardim-300x200.png 300w, https:\/\/www.atlanticoprorealestate.com\/wp-content\/uploads\/2022\/06\/jardim-768x512.png 768w, https:\/\/www.atlanticoprorealestate.com\/wp-content\/uploads\/2022\/06\/jardim-900x600.png 900w, https:\/\/www.atlanticoprorealestate.com\/wp-content\/uploads\/2022\/06\/jardim-496x331.png 496w, https:\/\/www.atlanticoprorealestate.com\/wp-content\/uploads\/2022\/06\/jardim.png 1104w\" sizes=\"(max-width: 768px) 100vw, 768px\" \/><\/figure>\n","protected":false},"excerpt":{"rendered":"<p>Preparamos o cen\u00e1rio para a casa tornar-se apelativa e assim ajudar a vendar a sua casa. Nos quartos, o ideal \u00e9 tornar o ambiente leve com cores suaves e sempre como um elemento decorativo a acrescentar valor. Abrir a janelas de forma que se veja um espa\u00e7o amplo e agrad\u00e1vel. A cama dever\u00e1 estar em [&hellip;]<\/p>\n","protected":false},"author":1,"featured_media":19254,"comment_status":"open","ping_status":"closed","sticky":false,"template":"","format":"standard","meta":{"footnotes":""},"categories":[411],"tags":[],"class_list":["post-19253","post","type-post","status-publish","format-standard","has-post-thumbnail","hentry","category-imobiliaria"],"_links":{"self":[{"href":"https:\/\/www.atlanticoprorealestate.com\/pt-pt\/wp-json\/wp\/v2\/posts\/19253","targetHints":{"allow":["GET"]}}],"collection":[{"href":"https:\/\/www.atlanticoprorealestate.com\/pt-pt\/wp-json\/wp\/v2\/posts"}],"about":[{"href":"https:\/\/www.atlanticoprorealestate.com\/pt-pt\/wp-json\/wp\/v2\/types\/post"}],"author":[{"embeddable":true,"href":"https:\/\/www.atlanticoprorealestate.com\/pt-pt\/wp-json\/wp\/v2\/users\/1"}],"replies":[{"embeddable":true,"href":"https:\/\/www.atlanticoprorealestate.com\/pt-pt\/wp-json\/wp\/v2\/comments?post=19253"}],"version-history":[{"count":0,"href":"https:\/\/www.atlanticoprorealestate.com\/pt-pt\/wp-json\/wp\/v2\/posts\/19253\/revisions"}],"wp:featuredmedia":[{"embeddable":true,"href":"https:\/\/www.atlanticoprorealestate.com\/pt-pt\/wp-json\/wp\/v2\/media\/19254"}],"wp:attachment":[{"href":"https:\/\/www.atlanticoprorealestate.com\/pt-pt\/wp-json\/wp\/v2\/media?parent=19253"}],"wp:term":[{"taxonomy":"category","embeddable":true,"href":"https:\/\/www.atlanticoprorealestate.com\/pt-pt\/wp-json\/wp\/v2\/categories?post=19253"},{"taxonomy":"post_tag","embeddable":true,"href":"https:\/\/www.atlanticoprorealestate.com\/pt-pt\/wp-json\/wp\/v2\/tags?post=19253"}],"curies":[{"name":"wp","href":"https:\/\/api.w.org\/{rel}","templated":true}]}}