{"id":22901,"date":"2024-01-05T15:56:45","date_gmt":"2024-01-05T15:56:45","guid":{"rendered":"https:\/\/www.atlanticoprorealestate.com\/sem-categoria\/passeios-de-barco-madeira\/"},"modified":"2024-01-05T16:22:02","modified_gmt":"2024-01-05T16:22:02","slug":"passeios-de-barco-madeira","status":"publish","type":"post","link":"https:\/\/www.atlanticoprorealestate.com\/pt-pt\/acerca-madeira\/passeios-de-barco-madeira\/","title":{"rendered":"Passeios de Barco Madeira"},"content":{"rendered":"<p>Um passeio de barco \u00e0s Ilhas Desertas, que fazem parte de um sub-arquip\u00e9lago da Madeira.<\/p>\n<p>Est\u00e3o classificadas como Reserva Natural e s\u00e3o um ponto de nidifica\u00e7\u00e3o de v\u00e1rias esp\u00e9cies de aves marinhas \u00fanicas nesta regi\u00e3o do Atl\u00e2ntico.<\/p>\n<p>\u00c9 uma viagem memor\u00e1vel que nos leva de volta \u00e0 era dos descobrimentos, com a m\u00edstica dos verdadeiros navegadores encontrando o desconhecido.<\/p>\n<p>As Ilhas Desertas dividem-se em tr\u00eas: Ilh\u00e9u Ch\u00e3o, Deserta Grande e Bugio.<\/p>\n<p>A nossa aventura levar-nos-\u00e1 \u00e0 Deserta Grande, acompanhados pelas criaturas marinhas que abundam nesta parte do Atl\u00e2ntico.<\/p>\n<p><img decoding=\"async\" class=\"alignnone size-medium wp-image-22896\" src=\"https:\/\/www.atlanticoprorealestate.com\/wp-content\/uploads\/2024\/01\/06-desertas-Islands-helloguidemadeira-1-300x144.webp\" alt=\"\" width=\"300\" height=\"144\" srcset=\"https:\/\/www.atlanticoprorealestate.com\/wp-content\/uploads\/2024\/01\/06-desertas-Islands-helloguidemadeira-1-300x144.webp 300w, https:\/\/www.atlanticoprorealestate.com\/wp-content\/uploads\/2024\/01\/06-desertas-Islands-helloguidemadeira-1-768x368.webp 768w, https:\/\/www.atlanticoprorealestate.com\/wp-content\/uploads\/2024\/01\/06-desertas-Islands-helloguidemadeira-1-496x238.webp 496w, https:\/\/www.atlanticoprorealestate.com\/wp-content\/uploads\/2024\/01\/06-desertas-Islands-helloguidemadeira-1.jpeg 911w\" sizes=\"(max-width: 300px) 100vw, 300px\" \/><\/p>\n<p>\u00c9 uma viagem de 8 horas, com almo\u00e7o a bordo inclu\u00eddo. Quando chegamos ao nosso destino, ancoramos na ba\u00eda de Deserta Grande e desembarcamos para um pequeno passeio pela ilha.<\/p>\n<p>Este passeio inclui uma visita \u00e0 casa do Parque Natural da Madeira, onde aprendemos sobre a sua hist\u00f3ria e o desenvolvimento da Reserva Natural.<\/p>\n<p>De volta ao barco, os &#8220;navegadores&#8221; podem mergulhar e desfrutar do mar que guarda uma surpresa: um animal bastante curioso e ador\u00e1vel &#8211; a nossa foca-monge. Esta criatura marinha, que vive numa col\u00f3nia na Reserva Natural, oferece momentos inigual\u00e1veis com a natureza viva.<\/p>\n<p>Depois \u00e9 hora de uma refei\u00e7\u00e3o e de uma nova aventura de regresso ao Funchal.<\/p>\n","protected":false},"excerpt":{"rendered":"<p>Um passeio de barco \u00e0s Ilhas Desertas, que fazem parte de um sub-arquip\u00e9lago da Madeira. Est\u00e3o classificadas como Reserva Natural e s\u00e3o um ponto de nidifica\u00e7\u00e3o de v\u00e1rias esp\u00e9cies de aves marinhas \u00fanicas nesta regi\u00e3o do Atl\u00e2ntico. \u00c9 uma viagem memor\u00e1vel que nos leva de volta \u00e0 era dos descobrimentos, com a m\u00edstica dos verdadeiros [&hellip;]<\/p>\n","protected":false},"author":4,"featured_media":22898,"comment_status":"open","ping_status":"closed","sticky":false,"template":"","format":"standard","meta":{"footnotes":""},"categories":[629],"tags":[],"class_list":["post-22901","post","type-post","status-publish","format-standard","has-post-thumbnail","hentry","category-acerca-madeira"],"_links":{"self":[{"href":"https:\/\/www.atlanticoprorealestate.com\/pt-pt\/wp-json\/wp\/v2\/posts\/22901","targetHints":{"allow":["GET"]}}],"collection":[{"href":"https:\/\/www.atlanticoprorealestate.com\/pt-pt\/wp-json\/wp\/v2\/posts"}],"about":[{"href":"https:\/\/www.atlanticoprorealestate.com\/pt-pt\/wp-json\/wp\/v2\/types\/post"}],"author":[{"embeddable":true,"href":"https:\/\/www.atlanticoprorealestate.com\/pt-pt\/wp-json\/wp\/v2\/users\/4"}],"replies":[{"embeddable":true,"href":"https:\/\/www.atlanticoprorealestate.com\/pt-pt\/wp-json\/wp\/v2\/comments?post=22901"}],"version-history":[{"count":1,"href":"https:\/\/www.atlanticoprorealestate.com\/pt-pt\/wp-json\/wp\/v2\/posts\/22901\/revisions"}],"predecessor-version":[{"id":22903,"href":"https:\/\/www.atlanticoprorealestate.com\/pt-pt\/wp-json\/wp\/v2\/posts\/22901\/revisions\/22903"}],"wp:featuredmedia":[{"embeddable":true,"href":"https:\/\/www.atlanticoprorealestate.com\/pt-pt\/wp-json\/wp\/v2\/media\/22898"}],"wp:attachment":[{"href":"https:\/\/www.atlanticoprorealestate.com\/pt-pt\/wp-json\/wp\/v2\/media?parent=22901"}],"wp:term":[{"taxonomy":"category","embeddable":true,"href":"https:\/\/www.atlanticoprorealestate.com\/pt-pt\/wp-json\/wp\/v2\/categories?post=22901"},{"taxonomy":"post_tag","embeddable":true,"href":"https:\/\/www.atlanticoprorealestate.com\/pt-pt\/wp-json\/wp\/v2\/tags?post=22901"}],"curies":[{"name":"wp","href":"https:\/\/api.w.org\/{rel}","templated":true}]}}